{"id":8521,"date":"2026-03-10T00:02:44","date_gmt":"2026-03-10T03:02:44","guid":{"rendered":"https:\/\/www.7tvs.com.br\/7tvs\/2026\/03\/10\/industria-prioridade-governador-elmano\/"},"modified":"2026-03-10T00:02:44","modified_gmt":"2026-03-10T03:02:44","slug":"industria-prioridade-governador-elmano","status":"publish","type":"post","link":"https:\/\/www.7tvs.com.br\/7tvs\/2026\/03\/10\/industria-prioridade-governador-elmano\/","title":{"rendered":"Ind\u00fastria como Prioridade: O Compromisso do Governador Elmano de Freitas"},"content":{"rendered":"\n<p>Na abertura da primeira edi\u00e7\u00e3o da Feira da Ind\u00fastria do Cear\u00e1, o governador Elmano de Freitas enfatizou a import\u00e2ncia do setor industrial para a economia e a dignidade do povo cearense. O evento, realizado no Centro de Eventos em Fortaleza, atraiu empres\u00e1rios, gestores e membros da sociedade, destacando a relev\u00e2ncia da ind\u00fastria para o desenvolvimento do Estado.<\/p>\n\n\n\n<h2 class=\"wp-block-heading\">A Feira da Ind\u00fastria do Cear\u00e1<\/h2>\n\n\n\n<p>A Feira da Ind\u00fastria do Cear\u00e1, promovida pela Federa\u00e7\u00e3o das Ind\u00fastrias do Cear\u00e1, tem como objetivo reunir mais de 100 mil visitantes durante seus dois dias de programa\u00e7\u00e3o, nos dias 9 e 10 de mar\u00e7o. O Governo do Cear\u00e1 apoia a iniciativa por meio da Ag\u00eancia de Desenvolvimento do Cear\u00e1 (Adece) e do Complexo Industrial e Portu\u00e1rio do Pec\u00e9m, refor\u00e7ando seu compromisso com o setor.<\/p>\n\n\n\n<h2 class=\"wp-block-heading\">O Papel Transformador da Ind\u00fastria<\/h2>\n\n\n\n<p>Durante seu discurso, Elmano de Freitas destacou a import\u00e2ncia da feira para a sociedade cearense, sugerindo que a experi\u00eancia de participar do evento pode inspirar jovens a se engajar em projetos inovadores na ind\u00fastria. O governador tamb\u00e9m ressaltou a necessidade de tornar o setor industrial ainda mais forte e inovador, incentivando a forma\u00e7\u00e3o de novos talentos.<\/p>\n\n\n\n<h2 class=\"wp-block-heading\">Pol\u00edtica de Incentivo Fiscal<\/h2>\n\n\n\n<p>O governador defendeu que a pol\u00edtica de incentivos fiscais do Estado deve priorizar a ind\u00fastria, especialmente ap\u00f3s as mudan\u00e7as trazidas pela reforma tribut\u00e1ria. Ele mencionou que, enquanto a reforma trouxe uma distribui\u00e7\u00e3o mais justa de impostos, trouxe tamb\u00e9m desafios para ind\u00fastrias localizadas fora do Sudeste, o maior mercado consumidor do Brasil. Elmano se comprometeu a regulamentar a reforma tribut\u00e1ria no Cear\u00e1, garantindo que a ind\u00fastria receba o suporte necess\u00e1rio.<\/p>\n\n\n\n<h2 class=\"wp-block-heading\">Vantagens Competitivas do Cear\u00e1<\/h2>\n\n\n\n<p>O governador Elmano tamb\u00e9m destacou as vantagens do Cear\u00e1 em termos de exporta\u00e7\u00e3o, mencionando sua localiza\u00e7\u00e3o estrat\u00e9gica, que permite f\u00e1cil acesso \u00e0 Europa e aos Estados Unidos, al\u00e9m de contar com um dos portos mais modernos do Brasil e a Transnordestina, uma das ferrovias mais avan\u00e7adas da Am\u00e9rica. Essas caracter\u00edsticas colocam o Cear\u00e1 em uma posi\u00e7\u00e3o privilegiada para aproveitar oportunidades no com\u00e9rcio internacional.<\/p>\n\n\n\n<h2 class=\"wp-block-heading\">A Vis\u00e3o dos L\u00edderes do Setor<\/h2>\n\n\n\n<p>O presidente da Confedera\u00e7\u00e3o Nacional da Ind\u00fastria (CNI), Ricardo Alban, tamb\u00e9m participou do evento, sublinhando a import\u00e2ncia do Estado em fomentar a qualifica\u00e7\u00e3o da m\u00e3o de obra e em compensar as desvantagens competitivas em rela\u00e7\u00e3o a outros centros consumidores. Ele alertou sobre a necessidade de utilizar os fundos dispon\u00edveis de forma a fortalecer a ind\u00fastria local.<\/p>\n\n\n\n<h2 class=\"wp-block-heading\">Impacto da Ind\u00fastria na Economia do Cear\u00e1<\/h2>\n\n\n\n<p>Ricardo Cavalcante, presidente da Fiec, destacou a import\u00e2ncia do di\u00e1logo entre o governo e o setor produtivo, al\u00e9m de uma infraestrutura adequada, como fatores que tornam o Cear\u00e1 um local atrativo para investimentos. Ele revelou que 82,6% das exporta\u00e7\u00f5es do Estado s\u00e3o provenientes da ind\u00fastria, que tamb\u00e9m gera cerca de 390 mil empregos formais diretos.<\/p>\n\n\n\n<h2 class=\"wp-block-heading\">Conclus\u00e3o<\/h2>\n\n\n\n<p>A Feira da Ind\u00fastria do Cear\u00e1 n\u00e3o apenas conecta a ind\u00fastria \u00e0 sociedade, mas tamb\u00e9m demonstra o potencial de 39 setores em um \u00fanico espa\u00e7o. O evento refor\u00e7a a ideia de que a ind\u00fastria \u00e9 um elemento central que integra economia, cultura, inova\u00e7\u00e3o e o futuro, desempenhando um papel vital na vida cotidiana dos cearenses.<\/p>\n","protected":false},"excerpt":{"rendered":"<p>Na abertura da primeira edi\u00e7\u00e3o da Feira da Ind\u00fastria do Cear\u00e1, o governador Elmano de Freitas enfatizou a import\u00e2ncia do setor industrial para a economia e a dignidade do povo cearense. O evento, realizado no Centro de Eventos em Fortaleza, atraiu empres\u00e1rios, gestores e membros da sociedade, destacando a relev\u00e2ncia da ind\u00fastria para o desenvolvimento [&hellip;]<\/p>\n","protected":false},"author":4,"featured_media":8526,"comment_status":"open","ping_status":"open","sticky":false,"template":"","format":"standard","meta":{"footnotes":""},"categories":[435],"tags":[199,436,817,442,2571,2570,1174,982,2572],"class_list":["post-8521","post","type-post","status-publish","format-standard","has-post-thumbnail","hentry","category-tvceara","tag-economia","tag-ceara","tag-desenvolvimento","tag-elmano-de-freitas","tag-exportacao","tag-feira-da-industria","tag-industria","tag-inovacao","tag-politica-fiscal"],"_links":{"self":[{"href":"https:\/\/www.7tvs.com.br\/7tvs\/wp-json\/wp\/v2\/posts\/8521","targetHints":{"allow":["GET"]}}],"collection":[{"href":"https:\/\/www.7tvs.com.br\/7tvs\/wp-json\/wp\/v2\/posts"}],"about":[{"href":"https:\/\/www.7tvs.com.br\/7tvs\/wp-json\/wp\/v2\/types\/post"}],"author":[{"embeddable":true,"href":"https:\/\/www.7tvs.com.br\/7tvs\/wp-json\/wp\/v2\/users\/4"}],"replies":[{"embeddable":true,"href":"https:\/\/www.7tvs.com.br\/7tvs\/wp-json\/wp\/v2\/comments?post=8521"}],"version-history":[{"count":0,"href":"https:\/\/www.7tvs.com.br\/7tvs\/wp-json\/wp\/v2\/posts\/8521\/revisions"}],"wp:featuredmedia":[{"embeddable":true,"href":"https:\/\/www.7tvs.com.br\/7tvs\/wp-json\/wp\/v2\/media\/8526"}],"wp:attachment":[{"href":"https:\/\/www.7tvs.com.br\/7tvs\/wp-json\/wp\/v2\/media?parent=8521"}],"wp:term":[{"taxonomy":"category","embeddable":true,"href":"https:\/\/www.7tvs.com.br\/7tvs\/wp-json\/wp\/v2\/categories?post=8521"},{"taxonomy":"post_tag","embeddable":true,"href":"https:\/\/www.7tvs.com.br\/7tvs\/wp-json\/wp\/v2\/tags?post=8521"}],"curies":[{"name":"wp","href":"https:\/\/api.w.org\/{rel}","templated":true}]}}