{"id":8519,"date":"2026-03-09T17:08:20","date_gmt":"2026-03-09T20:08:20","guid":{"rendered":"https:\/\/www.7tvs.com.br\/7tvs\/2026\/03\/09\/zema-critica-alcolumbre-senado\/"},"modified":"2026-03-09T17:08:20","modified_gmt":"2026-03-09T20:08:20","slug":"zema-critica-alcolumbre-senado","status":"publish","type":"post","link":"https:\/\/www.7tvs.com.br\/7tvs\/2026\/03\/09\/zema-critica-alcolumbre-senado\/","title":{"rendered":"Zema critica lideran\u00e7a de Alcolumbre no Senado e denuncia engavetamento de pedidos"},"content":{"rendered":"\n<p>O governador de Minas Gerais, Romeu Zema, expressou descontentamento em rela\u00e7\u00e3o \u00e0 atua\u00e7\u00e3o do presidente do Senado Federal, Davi Alcolumbre. Durante uma visita a Bras\u00edlia, Zema afirmou que Alcolumbre tem se comportado como um l\u00edder que apenas arquiva solicita\u00e7\u00f5es, sem dar a devida aten\u00e7\u00e3o aos assuntos que necessitam de vota\u00e7\u00e3o.<\/p>\n\n\n\n<h2 class=\"wp-block-heading\">Cr\u00edticas Diretas ao Presidente do Senado<\/h2>\n\n\n\n<p>A cr\u00edtica de Zema se intensificou em um contexto espec\u00edfico: ele estava na capital federal para discutir a articula\u00e7\u00e3o de um pedido de impeachment contra o ministro Alexandre de Moraes, do Supremo Tribunal Federal. O governador reiterou que sua insatisfa\u00e7\u00e3o se concentra no fato de que muitos pedidos, incluindo o que ele representa, permanecem sem resposta ou sem andamento no Congresso.<\/p>\n\n\n\n<h2 class=\"wp-block-heading\">Demandas do Governador e do Partido Novo<\/h2>\n\n\n\n<p>Em entrevista \u00e0 CNN Brasil, Zema enfatizou que a demanda por uma avalia\u00e7\u00e3o do pedido de impeachment \u00e9 n\u00e3o apenas uma iniciativa pessoal, mas tamb\u00e9m uma solicita\u00e7\u00e3o formal do partido Novo. Ele destacou a import\u00e2ncia de que o presidente do Senado tome uma atitude em rela\u00e7\u00e3o a essas quest\u00f5es pendentes, que, segundo ele, est\u00e3o gerando problemas adicionais na din\u00e2mica pol\u00edtica.<\/p>\n\n\n\n<h2 class=\"wp-block-heading\">Impacto da Ina\u00e7\u00e3o Legislativa<\/h2>\n\n\n\n<p>Zema ressaltou que a falta de a\u00e7\u00e3o por parte do Senado n\u00e3o \u00e9 apenas uma quest\u00e3o de inefici\u00eancia, mas tamb\u00e9m uma tentativa de prote\u00e7\u00e3o m\u00fatua entre os pol\u00edticos. Ele se referiu a um cen\u00e1rio onde a omiss\u00e3o pode estar permitindo que a corrup\u00e7\u00e3o e a falta de transpar\u00eancia prevale\u00e7am, criando um ambiente pol\u00edtico inst\u00e1vel.<\/p>\n\n\n\n<h2 class=\"wp-block-heading\">Conclus\u00e3o e Expectativas Futuras<\/h2>\n\n\n\n<p>As declara\u00e7\u00f5es de Romeu Zema revelam um crescente descontentamento com a condu\u00e7\u00e3o das pautas no Senado e indicam uma press\u00e3o por maior responsabilidade e agilidade na aprecia\u00e7\u00e3o de pedidos importantes. Resta observar como a lideran\u00e7a de Davi Alcolumbre reagir\u00e1 a essas cr\u00edticas e se haver\u00e1 mudan\u00e7as significativas na abordagem do Senado em rela\u00e7\u00e3o \u00e0s demandas que t\u00eam sido, at\u00e9 agora, ignoradas.<\/p>\n","protected":false},"excerpt":{"rendered":"<p>O governador de Minas Gerais, Romeu Zema, expressou descontentamento em rela\u00e7\u00e3o \u00e0 atua\u00e7\u00e3o do presidente do Senado Federal, Davi Alcolumbre. Durante uma visita a Bras\u00edlia, Zema afirmou que Alcolumbre tem se comportado como um l\u00edder que apenas arquiva solicita\u00e7\u00f5es, sem dar a devida aten\u00e7\u00e3o aos assuntos que necessitam de vota\u00e7\u00e3o. Cr\u00edticas Diretas ao Presidente do [&hellip;]<\/p>\n","protected":false},"author":4,"featured_media":8520,"comment_status":"open","ping_status":"open","sticky":false,"template":"","format":"standard","meta":{"footnotes":""},"categories":[765],"tags":[2567,2568,2569,266,1823],"class_list":["post-8519","post","type-post","status-publish","format-standard","has-post-thumbnail","hentry","category-ultimas-news","tag-alcolumbre","tag-impeachment","tag-partido-novo","tag-senado","tag-zema"],"_links":{"self":[{"href":"https:\/\/www.7tvs.com.br\/7tvs\/wp-json\/wp\/v2\/posts\/8519","targetHints":{"allow":["GET"]}}],"collection":[{"href":"https:\/\/www.7tvs.com.br\/7tvs\/wp-json\/wp\/v2\/posts"}],"about":[{"href":"https:\/\/www.7tvs.com.br\/7tvs\/wp-json\/wp\/v2\/types\/post"}],"author":[{"embeddable":true,"href":"https:\/\/www.7tvs.com.br\/7tvs\/wp-json\/wp\/v2\/users\/4"}],"replies":[{"embeddable":true,"href":"https:\/\/www.7tvs.com.br\/7tvs\/wp-json\/wp\/v2\/comments?post=8519"}],"version-history":[{"count":0,"href":"https:\/\/www.7tvs.com.br\/7tvs\/wp-json\/wp\/v2\/posts\/8519\/revisions"}],"wp:featuredmedia":[{"embeddable":true,"href":"https:\/\/www.7tvs.com.br\/7tvs\/wp-json\/wp\/v2\/media\/8520"}],"wp:attachment":[{"href":"https:\/\/www.7tvs.com.br\/7tvs\/wp-json\/wp\/v2\/media?parent=8519"}],"wp:term":[{"taxonomy":"category","embeddable":true,"href":"https:\/\/www.7tvs.com.br\/7tvs\/wp-json\/wp\/v2\/categories?post=8519"},{"taxonomy":"post_tag","embeddable":true,"href":"https:\/\/www.7tvs.com.br\/7tvs\/wp-json\/wp\/v2\/tags?post=8519"}],"curies":[{"name":"wp","href":"https:\/\/api.w.org\/{rel}","templated":true}]}}