{"id":8470,"date":"2026-03-09T00:01:34","date_gmt":"2026-03-09T03:01:34","guid":{"rendered":"https:\/\/www.7tvs.com.br\/7tvs\/2026\/03\/09\/inauguracao-escola-rio-bananal\/"},"modified":"2026-03-09T00:01:34","modified_gmt":"2026-03-09T03:01:34","slug":"inauguracao-escola-rio-bananal","status":"publish","type":"post","link":"https:\/\/www.7tvs.com.br\/7tvs\/2026\/03\/09\/inauguracao-escola-rio-bananal\/","title":{"rendered":"Inaugura\u00e7\u00e3o de Escola e Novos Investimentos Transformam Rio Bananal"},"content":{"rendered":"\n<p>Neste \u00faltimo s\u00e1bado, o governador do Estado, Renato Casagrande, juntamente com o vice-governador Ricardo Ferra\u00e7o, inaugurou a Escola Municipal de Ensino Fundamental (EMEF) Professora Maria Endringer Anholeti em Rio Bananal. Durante o evento, foram anunciados significativos investimentos nas \u00e1reas de saneamento, recursos h\u00eddricos, sa\u00fade e educa\u00e7\u00e3o, al\u00e9m da assinatura de conv\u00eanios que visam melhorar a infraestrutura local.<\/p>\n\n\n\n<h2 class=\"wp-block-heading\">Inaugura\u00e7\u00e3o da EMEF Professora Maria Endringer Anholeti<\/h2>\n\n\n\n<p>A nova EMEF representa um avan\u00e7o importante na educa\u00e7\u00e3o municipal, oferecendo 500 vagas para estudantes do Ensino Fundamental. A escola, que possui tr\u00eas andares, conta com 12 salas de aula, um audit\u00f3rio, biblioteca, refeit\u00f3rio e estrutura acess\u00edvel, incluindo rampas e sanit\u00e1rios adaptados. A constru\u00e7\u00e3o foi financiada pelo Fundo Estadual de Apoio \u00e0 Amplia\u00e7\u00e3o e Melhoria das Condi\u00e7\u00f5es de Oferta da Educa\u00e7\u00e3o Infantil no Esp\u00edrito Santo (Funpaes), com um investimento aproximado de R$ 6,5 milh\u00f5es.<\/p>\n\n\n\n<h2 class=\"wp-block-heading\">Compromissos com a Educa\u00e7\u00e3o<\/h2>\n\n\n\n<p>Al\u00e9m da inaugura\u00e7\u00e3o, o Governo do Estado anunciou novos investimentos em outras institui\u00e7\u00f5es de ensino em Rio Bananal. Entre as medidas est\u00e3o a reforma e amplia\u00e7\u00e3o da EMEF Tiradentes, com um aporte superior a R$ 3,5 milh\u00f5es, e a reforma da EMEF C\u00f3rrego Lagrimal, que receber\u00e1 cerca de R$ 300 mil para melhorias estruturais. Adicionalmente, ser\u00e1 realizada a aquisi\u00e7\u00e3o de recursos tecnol\u00f3gicos para as escolas, totalizando R$ 50 mil.<\/p>\n\n\n\n<h2 class=\"wp-block-heading\">Avan\u00e7os na Sa\u00fade<\/h2>\n\n\n\n<p>Na \u00e1rea da sa\u00fade, um conv\u00eanio foi assinado para a destina\u00e7\u00e3o de R$ 1 milh\u00e3o, que ser\u00e1 utilizado na reforma e amplia\u00e7\u00e3o de uma Unidade B\u00e1sica de Sa\u00fade (UBS). Este investimento faz parte do segundo ciclo do Plano Decenal APS +10, que visa reformar e ampliar unidades de sa\u00fade em todo o Esp\u00edrito Santo, totalizando R$ 68 milh\u00f5es. No primeiro ciclo, a UBS de S\u00e3o Jorge de Tiradentes j\u00e1 havia sido contemplada com mais de R$ 2,1 milh\u00f5es.<\/p>\n\n\n\n<h2 class=\"wp-block-heading\">Investimentos em Saneamento B\u00e1sico<\/h2>\n\n\n\n<p>A infraestrutura de saneamento tamb\u00e9m recebeu aten\u00e7\u00e3o, com a assinatura de conv\u00eanios que somam mais de R$ 30 milh\u00f5es para a melhoria do abastecimento de \u00e1gua e do sistema de esgoto em Rio Bananal. Um dos projetos envolve a constru\u00e7\u00e3o de um novo sistema de capta\u00e7\u00e3o de \u00e1gua bruta na Lagoa Juparan\u00e3, que inclui uma rede adutora de aproximadamente 20,5 quil\u00f4metros, com um investimento estimado em R$ 22,2 milh\u00f5es.<\/p>\n\n\n\n<h2 class=\"wp-block-heading\">Moderniza\u00e7\u00e3o do Tratamento de Esgoto<\/h2>\n\n\n\n<p>Al\u00e9m disso, o conv\u00eanio para a reforma e amplia\u00e7\u00e3o da Esta\u00e7\u00e3o de Tratamento de Esgoto (ETE) tamb\u00e9m foi firmado, com um investimento previsto de R$ 8,2 milh\u00f5es. Essa interven\u00e7\u00e3o visa modernizar a infraestrutura existente e implementar um sistema de tratamento eficiente, utilizando tecnologia de lodos ativados com aera\u00e7\u00e3o prolongada, que \u00e9 reconhecida por sua efic\u00e1cia na remo\u00e7\u00e3o de mat\u00e9ria org\u00e2nica.<\/p>\n\n\n\n<h2 class=\"wp-block-heading\">Perspectivas Futuras e Compromissos Governamentais<\/h2>\n\n\n\n<p>As a\u00e7\u00f5es anunciadas est\u00e3o alinhadas ao Novo Acordo do Rio Doce, que estabelece diretrizes para a universaliza\u00e7\u00e3o do saneamento b\u00e1sico nas regi\u00f5es afetadas pelo desastre ambiental de Mariana. O governador Casagrande enfatizou a import\u00e2ncia dessas iniciativas n\u00e3o apenas para a recupera\u00e7\u00e3o ambiental, mas tamb\u00e9m para a sa\u00fade p\u00fablica e a qualidade de vida da popula\u00e7\u00e3o local.<\/p>\n\n\n\n<p>Com essas iniciativas, o governo reafirma seu compromisso com o desenvolvimento sustent\u00e1vel e a melhoria das condi\u00e7\u00f5es de vida em Rio Bananal, promovendo uma transforma\u00e7\u00e3o significativa no munic\u00edpio.<\/p>\n","protected":false},"excerpt":{"rendered":"<p>Neste \u00faltimo s\u00e1bado, o governador do Estado, Renato Casagrande, juntamente com o vice-governador Ricardo Ferra\u00e7o, inaugurou a Escola Municipal de Ensino Fundamental (EMEF) Professora Maria Endringer Anholeti em Rio Bananal. Durante o evento, foram anunciados significativos investimentos nas \u00e1reas de saneamento, recursos h\u00eddricos, sa\u00fade e educa\u00e7\u00e3o, al\u00e9m da assinatura de conv\u00eanios que visam melhorar a [&hellip;]<\/p>\n","protected":false},"author":4,"featured_media":8487,"comment_status":"open","ping_status":"open","sticky":false,"template":"","format":"standard","meta":{"footnotes":""},"categories":[5],"tags":[202,1398,2502,2503,641],"class_list":["post-8470","post","type-post","status-publish","format-standard","has-post-thumbnail","hentry","category-tvespiritosanto","tag-educacao","tag-investimentos","tag-rio-bananal","tag-saneamento","tag-saude"],"_links":{"self":[{"href":"https:\/\/www.7tvs.com.br\/7tvs\/wp-json\/wp\/v2\/posts\/8470","targetHints":{"allow":["GET"]}}],"collection":[{"href":"https:\/\/www.7tvs.com.br\/7tvs\/wp-json\/wp\/v2\/posts"}],"about":[{"href":"https:\/\/www.7tvs.com.br\/7tvs\/wp-json\/wp\/v2\/types\/post"}],"author":[{"embeddable":true,"href":"https:\/\/www.7tvs.com.br\/7tvs\/wp-json\/wp\/v2\/users\/4"}],"replies":[{"embeddable":true,"href":"https:\/\/www.7tvs.com.br\/7tvs\/wp-json\/wp\/v2\/comments?post=8470"}],"version-history":[{"count":0,"href":"https:\/\/www.7tvs.com.br\/7tvs\/wp-json\/wp\/v2\/posts\/8470\/revisions"}],"wp:featuredmedia":[{"embeddable":true,"href":"https:\/\/www.7tvs.com.br\/7tvs\/wp-json\/wp\/v2\/media\/8487"}],"wp:attachment":[{"href":"https:\/\/www.7tvs.com.br\/7tvs\/wp-json\/wp\/v2\/media?parent=8470"}],"wp:term":[{"taxonomy":"category","embeddable":true,"href":"https:\/\/www.7tvs.com.br\/7tvs\/wp-json\/wp\/v2\/categories?post=8470"},{"taxonomy":"post_tag","embeddable":true,"href":"https:\/\/www.7tvs.com.br\/7tvs\/wp-json\/wp\/v2\/tags?post=8470"}],"curies":[{"name":"wp","href":"https:\/\/api.w.org\/{rel}","templated":true}]}}