{"id":8468,"date":"2026-03-08T17:06:02","date_gmt":"2026-03-08T20:06:02","guid":{"rendered":"https:\/\/www.7tvs.com.br\/7tvs\/2026\/03\/08\/neymar-retorna-treinos\/"},"modified":"2026-03-08T17:06:02","modified_gmt":"2026-03-08T20:06:02","slug":"neymar-retorna-treinos","status":"publish","type":"post","link":"https:\/\/www.7tvs.com.br\/7tvs\/2026\/03\/08\/neymar-retorna-treinos\/","title":{"rendered":"Neymar Retorna aos Treinos e Pode Ser Titular Contra o Mirassol"},"content":{"rendered":"\n<p>Ap\u00f3s um breve per\u00edodo de tr\u00eas dias afastado dos treinos, Neymar voltou a se juntar ao elenco do Santos neste domingo, no CT Rei Pel\u00e9. A expectativa \u00e9 que o atacante esteja em campo na pr\u00f3xima ter\u00e7a-feira, quando a equipe enfrentar\u00e1 o Mirassol pela quinta rodada do Campeonato Brasileiro, \u00e0s 21h30.<\/p>\n\n\n\n<h2 class=\"wp-block-heading\">Prepara\u00e7\u00e3o e Expectativas para o Jogo<\/h2>\n\n\n\n<p>Durante os dias em que esteve ausente dos treinos em campo, Neymar se dedicou a atividades internas focadas no fortalecimento muscular e no controle da carga de treinos. O treinador Juan Pablo Vojvoda deve divulgar a forma\u00e7\u00e3o titular da equipe na segunda-feira, ap\u00f3s a \u00faltima sess\u00e3o de treinamento antes do jogo. No encontro anterior, o craque foi decisivo, marcando os dois gols da vit\u00f3ria contra o Vasco.<\/p>\n\n\n\n<h2 class=\"wp-block-heading\">Oportunidade de Convencimento para a Sele\u00e7\u00e3o<\/h2>\n\n\n\n<p>O confronto com o Mirassol representa uma chance importante para Neymar mostrar seu valor ao t\u00e9cnico Carlo Ancelotti, especialmente visando uma convoca\u00e7\u00e3o para a sele\u00e7\u00e3o brasileira. A lista dos convocados para os amistosos contra Cro\u00e1cia e Fran\u00e7a ser\u00e1 anunciada no dia 16 de mar\u00e7o. Esses jogos servir\u00e3o como os \u00faltimos testes antes das defini\u00e7\u00f5es finais para a Copa do Mundo.<\/p>\n\n\n\n<h2 class=\"wp-block-heading\">Situa\u00e7\u00e3o do Santos no Campeonato<\/h2>\n\n\n\n<p>Al\u00e9m de buscar um lugar no pr\u00f3ximo Mundial, Neymar tem a miss\u00e3o de ajudar o Santos a se afastar da zona de rebaixamento no Campeonato Brasileiro. Atualmente, o clube ocupa a 13\u00aa posi\u00e7\u00e3o, somando apenas quatro pontos. No pr\u00f3ximo domingo, a equipe ainda enfrentar\u00e1 o Corinthians em um cl\u00e1ssico que promete ser crucial para as ambi\u00e7\u00f5es do time.<\/p>\n\n\n\n<h2 class=\"wp-block-heading\">Novidades na Escala\u00e7\u00e3o<\/h2>\n\n\n\n<p>Para o duelo contra o Mirassol, Vojvoda tamb\u00e9m poder\u00e1 contar com o meio-campista Christian Oliva, que teve seu nome regularizado no Boletim Informativo Di\u00e1rio (BID) e estava atuando normalmente pelo Nacional. Em contrapartida, o zagueiro Lucas Ver\u00edssimo ainda n\u00e3o chegou ao Brasil e n\u00e3o poder\u00e1 fazer sua reestreia com a camisa do Santos.<\/p>\n\n\n\n<h2 class=\"wp-block-heading\">Conclus\u00e3o<\/h2>\n\n\n\n<p>Com o retorno de Neymar e a inclus\u00e3o de Oliva no elenco, o Santos se prepara para um desafio importante que pode influenciar tanto na tabela do Campeonato Brasileiro quanto nas escolhas para a sele\u00e7\u00e3o brasileira. A torcida aguarda ansiosamente por um bom desempenho do time, que busca n\u00e3o apenas vit\u00f3rias, mas tamb\u00e9m a recupera\u00e7\u00e3o de sua posi\u00e7\u00e3o na competi\u00e7\u00e3o.<\/p>\n","protected":false},"excerpt":{"rendered":"<p>Ap\u00f3s um breve per\u00edodo de tr\u00eas dias afastado dos treinos, Neymar voltou a se juntar ao elenco do Santos neste domingo, no CT Rei Pel\u00e9. A expectativa \u00e9 que o atacante esteja em campo na pr\u00f3xima ter\u00e7a-feira, quando a equipe enfrentar\u00e1 o Mirassol pela quinta rodada do Campeonato Brasileiro, \u00e0s 21h30. Prepara\u00e7\u00e3o e Expectativas para [&hellip;]<\/p>\n","protected":false},"author":4,"featured_media":8469,"comment_status":"open","ping_status":"open","sticky":false,"template":"","format":"standard","meta":{"footnotes":""},"categories":[765],"tags":[488,169,786,1024,787],"class_list":["post-8468","post","type-post","status-publish","format-standard","has-post-thumbnail","hentry","category-ultimas-news","tag-campeonato-brasileiro","tag-futebol","tag-mirassol","tag-neymar","tag-santos"],"_links":{"self":[{"href":"https:\/\/www.7tvs.com.br\/7tvs\/wp-json\/wp\/v2\/posts\/8468","targetHints":{"allow":["GET"]}}],"collection":[{"href":"https:\/\/www.7tvs.com.br\/7tvs\/wp-json\/wp\/v2\/posts"}],"about":[{"href":"https:\/\/www.7tvs.com.br\/7tvs\/wp-json\/wp\/v2\/types\/post"}],"author":[{"embeddable":true,"href":"https:\/\/www.7tvs.com.br\/7tvs\/wp-json\/wp\/v2\/users\/4"}],"replies":[{"embeddable":true,"href":"https:\/\/www.7tvs.com.br\/7tvs\/wp-json\/wp\/v2\/comments?post=8468"}],"version-history":[{"count":0,"href":"https:\/\/www.7tvs.com.br\/7tvs\/wp-json\/wp\/v2\/posts\/8468\/revisions"}],"wp:featuredmedia":[{"embeddable":true,"href":"https:\/\/www.7tvs.com.br\/7tvs\/wp-json\/wp\/v2\/media\/8469"}],"wp:attachment":[{"href":"https:\/\/www.7tvs.com.br\/7tvs\/wp-json\/wp\/v2\/media?parent=8468"}],"wp:term":[{"taxonomy":"category","embeddable":true,"href":"https:\/\/www.7tvs.com.br\/7tvs\/wp-json\/wp\/v2\/categories?post=8468"},{"taxonomy":"post_tag","embeddable":true,"href":"https:\/\/www.7tvs.com.br\/7tvs\/wp-json\/wp\/v2\/tags?post=8468"}],"curies":[{"name":"wp","href":"https:\/\/api.w.org\/{rel}","templated":true}]}}