{"id":6570,"date":"2024-11-18T19:08:50","date_gmt":"2024-11-18T19:08:50","guid":{"rendered":"https:\/\/www.7tvs.com.br\/7tvs\/?p=6570"},"modified":"2024-11-18T19:08:50","modified_gmt":"2024-11-18T19:08:50","slug":"cafeicultores-brasileiros-brilham-em-concursos-internacionais-e-nacionais","status":"publish","type":"post","link":"https:\/\/www.7tvs.com.br\/7tvs\/2024\/11\/18\/cafeicultores-brasileiros-brilham-em-concursos-internacionais-e-nacionais\/","title":{"rendered":"Cafeicultores brasileiros brilham em concursos internacionais e nacionais."},"content":{"rendered":"<p>Em um ano de grandes conquistas para a cafeicultura brasileira, dois produtores se destacaram em eventos de renome mundial. Reginaldo Franco, de Campestre, levou para casa R$ 50 mil ao conquistar o primeiro lugar no concurso da maior cooperativa de ar\u00e1bica do mundo, realizado em Guaxup\u00e9. J\u00e1 Fl\u00e1vio Costa, da Fazenda Vila Oscarlina, obteve o segundo lugar no pr\u00eamio de melhor caf\u00e9 do mundo, em um evento promovido pela Illy Caf\u00e9 em Nova York.<\/p>\n<p>A competi\u00e7\u00e3o organizada pela Illy Caf\u00e9 reuniu 27 dos melhores cafeicultores de nove pa\u00edses fornecedores de gr\u00e3os para a exclusiva blend da marca. Fl\u00e1vio Costa, al\u00e9m de produtor, \u00e9 tamb\u00e9m degustador e demonstrou grande conhecimento ao criar o lote vencedor.<\/p>\n<p>O evento em Guaxupe, que reuniu os 50 melhores lotes da safra 2024, foi um verdadeiro show de qualidade. A premia\u00e7\u00e3o de Reginaldo Franco coroou um ano de muito trabalho e dedica\u00e7\u00e3o, consolidando a posi\u00e7\u00e3o de Campestre como um dos principais polos cafeeiros do pa\u00eds.<\/p>\n<p>Essas conquistas demonstram o alto n\u00edvel da cafeicultura brasileira e o potencial dos nossos produtores em conquistar o paladar dos consumidores mais exigentes ao redor do mundo.<\/p>\n<p><iframe loading=\"lazy\" title=\"Cafeicultores brasileiros brilham em concursos internacionais e nacionais\" width=\"900\" height=\"506\" src=\"https:\/\/www.youtube.com\/embed\/wBW2cGZY4ek?feature=oembed\" frameborder=\"0\" allow=\"accelerometer; autoplay; clipboard-write; encrypted-media; gyroscope; picture-in-picture; web-share\" referrerpolicy=\"strict-origin-when-cross-origin\" allowfullscreen><\/iframe><\/p>\n","protected":false},"excerpt":{"rendered":"<p>Em um ano de grandes conquistas para a cafeicultura brasileira, dois produtores se destacaram em eventos de renome mundial. Reginaldo Franco, de Campestre, levou para casa R$ 50 mil ao conquistar o primeiro lugar no concurso da maior cooperativa de ar\u00e1bica do mundo, realizado em Guaxup\u00e9. J\u00e1 Fl\u00e1vio Costa, da Fazenda Vila Oscarlina, obteve o [&hellip;]<\/p>\n","protected":false},"author":4,"featured_media":6571,"comment_status":"open","ping_status":"open","sticky":false,"template":"","format":"video","meta":{"footnotes":""},"categories":[389],"tags":[],"class_list":["post-6570","post","type-post","status-publish","format-video","has-post-thumbnail","hentry","category-valeria-vilela","post_format-post-format-video"],"_links":{"self":[{"href":"https:\/\/www.7tvs.com.br\/7tvs\/wp-json\/wp\/v2\/posts\/6570","targetHints":{"allow":["GET"]}}],"collection":[{"href":"https:\/\/www.7tvs.com.br\/7tvs\/wp-json\/wp\/v2\/posts"}],"about":[{"href":"https:\/\/www.7tvs.com.br\/7tvs\/wp-json\/wp\/v2\/types\/post"}],"author":[{"embeddable":true,"href":"https:\/\/www.7tvs.com.br\/7tvs\/wp-json\/wp\/v2\/users\/4"}],"replies":[{"embeddable":true,"href":"https:\/\/www.7tvs.com.br\/7tvs\/wp-json\/wp\/v2\/comments?post=6570"}],"version-history":[{"count":1,"href":"https:\/\/www.7tvs.com.br\/7tvs\/wp-json\/wp\/v2\/posts\/6570\/revisions"}],"predecessor-version":[{"id":6572,"href":"https:\/\/www.7tvs.com.br\/7tvs\/wp-json\/wp\/v2\/posts\/6570\/revisions\/6572"}],"wp:featuredmedia":[{"embeddable":true,"href":"https:\/\/www.7tvs.com.br\/7tvs\/wp-json\/wp\/v2\/media\/6571"}],"wp:attachment":[{"href":"https:\/\/www.7tvs.com.br\/7tvs\/wp-json\/wp\/v2\/media?parent=6570"}],"wp:term":[{"taxonomy":"category","embeddable":true,"href":"https:\/\/www.7tvs.com.br\/7tvs\/wp-json\/wp\/v2\/categories?post=6570"},{"taxonomy":"post_tag","embeddable":true,"href":"https:\/\/www.7tvs.com.br\/7tvs\/wp-json\/wp\/v2\/tags?post=6570"}],"curies":[{"name":"wp","href":"https:\/\/api.w.org\/{rel}","templated":true}]}}